{"id":17627,"date":"2019-07-28T05:29:22","date_gmt":"2019-07-28T04:29:22","guid":{"rendered":"https:\/\/www.visitingvienna.com\/?p=17627"},"modified":"2025-09-01T10:22:04","modified_gmt":"2025-09-01T09:22:04","slug":"gurtel-nightwalk","status":"publish","type":"post","link":"https:\/\/www.visitingvienna.com\/entertainment\/events\/gurtel-nightwalk\/","title":{"rendered":"G\u00fcrtel nightwalk pop and culture festival"},"content":{"rendered":"<div class=\"wp-block-image\">\n<figure class=\"alignright\"><img loading=\"lazy\" decoding=\"async\" width=\"150\" height=\"150\" src=\"https:\/\/www.visitingvienna.com\/wp-content\/uploads\/2019\/07\/nightwalksmall.jpg\" alt=\"Guitar head\" class=\"wp-image-18798\" srcset=\"https:\/\/www.visitingvienna.com\/wp-content\/uploads\/2019\/07\/nightwalksmall.jpg 150w, https:\/\/www.visitingvienna.com\/wp-content\/uploads\/2019\/07\/nightwalksmall-100x100.jpg 100w\" sizes=\"auto, (max-width: 150px) 100vw, 150px\" \/><\/figure>\n<\/div>\n\n\n<p>It&#8217;s not often a road gets a music festival in its name. Unless that road is the G\u00fcrtel: home to bars and venues in a culturally urban part of Vienna. Railway arches and tarmac echo to the sound of live concerts during the annual G\u00fcrtel Nightwalk.<\/p>\n\n\n\n<ul class=\"wp-block-list\">\n<li>Open-air concerts along the G\u00fcrtel road<\/li>\n\n\n\n<li>Usually free entry<\/li>\n\n\n\n<li>Starts in the evening and goes on into the night<\/li>\n\n\n\n<li>May include extras like a small art &amp; design market<\/li>\n\n\n\n<li>2026 date: TBA (was Aug 30 in 2025)<\/li>\n\n\n\n<li>Book a 2-hr <a href=\"https:\/\/www.tiqets.com\/en\/vienna-walking-tours-l205287\/?partner=visitingvienna&amp;tq_campaign=LG_AnEvent\" rel=\"sponsored\">walking tour<\/a>* for Vienna<\/li>\n\n\n\n<li>See also:\n<ul class=\"wp-block-list\">\n<li><a href=\"https:\/\/www.visitingvienna.com\/entertainment\/august\/\" data-type=\"post\" data-id=\"17700\">Vienna in August<\/a><\/li>\n\n\n\n<li><a href=\"https:\/\/www.visitingvienna.com\/activities\/events-in-vienna\/\">Other events in Vienna<\/a><\/li>\n\n\n\n<li><a href=\"https:\/\/www.visitingvienna.com\/entertainment\/events\/waves-vienna\/\">Waves Vienna music festival<\/a><\/li>\n<\/ul>\n<\/li>\n<\/ul>\n\n\n\n<h2 class=\"wp-block-heading\">Urban flair along the G\u00fcrtel<\/h2>\n\n\n\n<p>A busy six-lane thoroughfare coils its way around the middle of Vienna, split in the middle by brick archways and the raised Stadtbahn railway. <\/p>\n\n\n\n<p>Once considered a less salubrious part of town, this G\u00fcrtel still can&#8217;t be accused of over-gentrification. But it&#8217;s a metropolitan success story, as bars and venues have turned large chunks of it into a vibrant centre of urban culture and nighttime entertainment.<\/p>\n\n\n\n<p>One night a year, a dozen or more of the bars and venues across a stretch on the west side of Vienna throw open their doors and spill out into the road for the G\u00fcrtel Nightwalk, a showcase of popular culture.<\/p>\n\n\n\n<p>Several of the locations on the G\u00fcrtel, such as B72 and Chelsea, are woven into the fabric of the local music scene. And the beating heart of the Nightwalk festival is, inevitably, music. DJs and live acts perform on open-air stages (and occasionally indoors).<\/p>\n\n\n\n<p>The numerous concerts shift between genres&#8230;.ska, samba, pop, punk, rock, reggae, singer-songwriters, and more: see the <a href=\"https:\/\/www.guertelnightwalk.at\/\">website<\/a> for programme details once available.<\/p>\n\n\n\n<p>You might also find a few bonuses in among the concerts, such as a design\/art market or film showing. In 2025, for example, we got the Nachtmarkt: a small arts &amp; crafts market.<\/p>\n\n\n\n<h2 class=\"wp-block-heading\">2026 dates, tickets &amp; tips<\/h2>\n\n\n\n<p>I don&#8217;t have a confirmed date for the G\u00fcrtel Nightwalk, but it usually takes place on the last Saturday in August. So the 2025 date was August 30th.<\/p>\n\n\n\n<p>Just to make the night easier on the pocket, the various events are normally free to attend.<\/p>\n\n\n\n<h3 class=\"wp-block-heading\">How to get to the G\u00fcrtel<\/h3>\n\n\n\n<p>The relevant parts of the G\u00fcrtel are marked on the map below, with events typically going on at venues across that zone.<\/p>\n\n\n\n<p>Subway: most locations cluster around the Josefst\u00e4dter Stra\u00dfe station, which effectively marks the middle of the G\u00fcrtel Nightwalk area; two other stations (Alser Stra\u00dfe and Thaliastra\u00dfe) mark the ends. All are on the U6 line (the &#8220;Stadtbahn&#8221; that follows the course of the G\u00fcrtel for much of its route).<\/p>\n\n\n\n<p>Incidentally, the first two stations mentioned still have the original buildings designed by iconic architect <a href=\"https:\/\/www.visitingvienna.com\/footsteps\/otto-wagner-in-vienna\/\" data-type=\"post\" data-id=\"4917\">Otto Wagner<\/a>.<\/p>\n\n\n\n<p>Tram: if you&#8217;re coming from the centre, just jump on a tram to the G\u00fcrtel with your <a href=\"https:\/\/www.visitingvienna.com\/transport\/public\/\">public transport ticket<\/a>. Take the 44 from Schottentor to Hernalser G\u00fcrtel, the 2 from various stops along the Ring to Josefst\u00e4dter Stra\u00dfe, or the 46 from Ring\/Volkstheater to Thaliastra\u00dfe.<\/p>\n\n\n\n<p>Address: Lerchenfelder G\u00fcrtel und Hernalser G\u00fcrtel between Alser Stra\u00dfe and Thaliastra\u00dfe in the 16th and 17th districts<\/p>\n\n\n\n<div align=\"center\"><iframe loading=\"lazy\" src=\"https:\/\/www.google.com\/maps\/d\/u\/0\/embed?mid=1XtbwfafLZS5aCIqe5WsN6IkCKrMzNonG\" width=\"400\" height=\"300\"><\/iframe><\/div>\n","protected":false},"excerpt":{"rendered":"<p>It&#8217;s not often a road gets a music festival in its name. Unless that road is the G\u00fcrtel: home to bars and venues in a culturally urban part of Vienna. Railway arches and tarmac echo to the sound of live concerts during the annual G\u00fcrtel Nightwalk. Urban flair along the G\u00fcrtel A busy six-lane thoroughfare [&hellip;]<\/p>\n","protected":false},"author":1,"featured_media":18798,"comment_status":"closed","ping_status":"closed","sticky":false,"template":"","format":"standard","meta":{"_genesis_hide_title":false,"_genesis_hide_breadcrumbs":false,"_genesis_hide_singular_image":false,"_genesis_hide_footer_widgets":false,"_genesis_custom_body_class":"","_genesis_custom_post_class":"","_genesis_layout":"","footnotes":""},"categories":[22],"tags":[],"class_list":{"0":"post-17627","1":"post","2":"type-post","3":"status-publish","4":"format-standard","5":"has-post-thumbnail","7":"category-events","8":"entry"},"_links":{"self":[{"href":"https:\/\/www.visitingvienna.com\/wp-json\/wp\/v2\/posts\/17627","targetHints":{"allow":["GET"]}}],"collection":[{"href":"https:\/\/www.visitingvienna.com\/wp-json\/wp\/v2\/posts"}],"about":[{"href":"https:\/\/www.visitingvienna.com\/wp-json\/wp\/v2\/types\/post"}],"author":[{"embeddable":true,"href":"https:\/\/www.visitingvienna.com\/wp-json\/wp\/v2\/users\/1"}],"replies":[{"embeddable":true,"href":"https:\/\/www.visitingvienna.com\/wp-json\/wp\/v2\/comments?post=17627"}],"version-history":[{"count":24,"href":"https:\/\/www.visitingvienna.com\/wp-json\/wp\/v2\/posts\/17627\/revisions"}],"predecessor-version":[{"id":85481,"href":"https:\/\/www.visitingvienna.com\/wp-json\/wp\/v2\/posts\/17627\/revisions\/85481"}],"wp:featuredmedia":[{"embeddable":true,"href":"https:\/\/www.visitingvienna.com\/wp-json\/wp\/v2\/media\/18798"}],"wp:attachment":[{"href":"https:\/\/www.visitingvienna.com\/wp-json\/wp\/v2\/media?parent=17627"}],"wp:term":[{"taxonomy":"category","embeddable":true,"href":"https:\/\/www.visitingvienna.com\/wp-json\/wp\/v2\/categories?post=17627"},{"taxonomy":"post_tag","embeddable":true,"href":"https:\/\/www.visitingvienna.com\/wp-json\/wp\/v2\/tags?post=17627"}],"curies":[{"name":"wp","href":"https:\/\/api.w.org\/{rel}","templated":true}]}}