{"id":21141,"date":"2019-11-28T09:56:15","date_gmt":"2019-11-28T08:56:15","guid":{"rendered":"https:\/\/www.visitingvienna.com\/?p=21141"},"modified":"2025-10-22T15:19:10","modified_gmt":"2025-10-22T14:19:10","slug":"christmas-tram","status":"publish","type":"post","link":"https:\/\/www.visitingvienna.com\/sights\/christmasmarkets\/christmas-tram\/","title":{"rendered":"The Str\u00f6ck Christmas Tram"},"content":{"rendered":"<div class=\"wp-block-image\">\n<figure class=\"alignright size-large\"><img loading=\"lazy\" decoding=\"async\" width=\"150\" height=\"150\" src=\"https:\/\/www.visitingvienna.com\/wp-content\/uploads\/2019\/11\/oldtimer.jpg\" alt=\"Old timer tram\" class=\"wp-image-21143\" srcset=\"https:\/\/www.visitingvienna.com\/wp-content\/uploads\/2019\/11\/oldtimer.jpg 150w, https:\/\/www.visitingvienna.com\/wp-content\/uploads\/2019\/11\/oldtimer-100x100.jpg 100w\" sizes=\"auto, (max-width: 150px) 100vw, 150px\" \/><\/figure>\n<\/div>\n\n\n<p>A lot of things only appear during Advent here in Vienna. Christmas biscuits, for example. Or barrels of spiced wine and punch. Or the occasional burst of undiluted optimism to shine a light on the grumbling Viennese soul. Oh, and the Str\u00f6ck Christmas tram&#8230;<\/p>\n\n\n\n<ul class=\"wp-block-list\">\n<li>Has not run in recent years, so check locally for availability<\/li>\n\n\n\n<li>Old timer tram that circled Vienna&#8217;s centre at weekends during Advent<\/li>\n\n\n\n<li>Proceeds from ticket sales went to charity<\/li>\n\n\n\n<li>Seasonal decorations, music, and snacks rounded out the experience<\/li>\n\n\n\n<li>Book a <a href=\"https:\/\/www.tiqets.com\/en\/concerts-opera-vienna-tickets-l206741\/?partner=visitingvienna&amp;tq_campaign=LG_Xmas\" rel=\"sponsored\">classical concert experience<\/a>* for your trip<\/li>\n\n\n\n<li>See also:\n<ul class=\"wp-block-list\">\n<li><a href=\"https:\/\/www.visitingvienna.com\/entertainment\/christmas-in-vienna\/\" data-type=\"post\" data-id=\"627\">Vienna at Christmas<\/a><\/li>\n\n\n\n<li><a href=\"https:\/\/www.visitingvienna.com\/transport\/public\/\" data-type=\"post\" data-id=\"310\">Public transport<\/a><\/li>\n<\/ul>\n<\/li>\n<\/ul>\n\n\n\n<h2 class=\"wp-block-heading\">The old timer tram<\/h2>\n\n\n<div class=\"wp-block-image\">\n<figure class=\"aligncenter size-large\"><img loading=\"lazy\" decoding=\"async\" width=\"466\" height=\"238\" src=\"https:\/\/www.visitingvienna.com\/wp-content\/uploads\/2019\/11\/weihnachtsbim1.jpg\" alt=\"Str\u00f6ck Weihnachtsbim\" class=\"wp-image-21146\" srcset=\"https:\/\/www.visitingvienna.com\/wp-content\/uploads\/2019\/11\/weihnachtsbim1.jpg 466w, https:\/\/www.visitingvienna.com\/wp-content\/uploads\/2019\/11\/weihnachtsbim1-300x153.jpg 300w\" sizes=\"auto, (max-width: 466px) 100vw, 466px\" \/><\/figure>\n<\/div>\n\n\n<p class=\"has-text-align-center has-small-font-size\">(Photo courtesy of Wiener Linien and \u00a9 Johannes Zinner)<\/p>\n\n\n\n<p>If you spot an elderly tram decked out in stars and evergreen boughs during Advent, then it&#8217;s probably the Str\u00f6ck Weihnachtsbim (Christmas tram).<\/p>\n\n\n\n<p>I&#8217;ve not seen the advent tram operate in the last couple of years, so check locally to see if it returns in the future; it traditionally appeared at weekends to offer a fun seasonal ride and, more importantly, raise money for charity.<\/p>\n\n\n\n<p>Wiener Linien (the municipal transport authority) and Str\u00f6ck (a large bakery chain) operated the vehicle.<\/p>\n\n\n\n<p>Str\u00f6ck&#8217;s sponsorship meant you could expect suitable baked delights on board. Their outlets do excellent croissants, for example, many of which have met their final moments on my breakfast table.<\/p>\n\n\n\n<p>Christmas music accompanied you on your journey, and the route took you past the many historical sights that line the <a href=\"https:\/\/www.visitingvienna.com\/ring\/\">ring road<\/a> around the old town.<\/p>\n\n\n\n<p>The initiative has raised over \u20ac100,000 through the years. The charitable cause last time around (back at Christmas 2019) was the <em>\u00d6sterreichische Gesellschaft f\u00fcr Chronisches Ersch\u00f6pfungssyndrom<\/em>, who do excellent support and education work in the field of Chronic Fatigue Syndrome (CFS) \/ Myalgic Encephalomyelitis (ME).<\/p>\n\n\n\n<p>The tram itself is a genuine old timer. Built in 1929, it only left service in 1978.<\/p>\n\n\n\n<p>Should that whet your appetite for trams of the past, then you might visit the <a href=\"https:\/\/www.visitingvienna.com\/sights\/museums\/transport-remise\/\" data-type=\"post\" data-id=\"26596\">Remise museum<\/a>, which has a large hangar filled to the brim with old municipal transport vehicles.<\/p>\n\n\n\n<h2 class=\"wp-block-heading\">Visitor info<\/h2>\n\n\n\n<p>In those years when it ran, the service traditionally operated on Saturdays and Sundays through the Advent period, leaving from Karlsplatz station at intervals and calling at Schwedenplatz, Schottentor, and Rathausplatz.<\/p>\n\n\n\n<p>A full journey around the ring took about 45 minutes and you normally bought your tickets on board. They cost \u20ac6 each last time out, though under 12s went free if accompanying an adult. Remember, all the money from ticket sales went to charity.<\/p>\n\n\n\n<p>Although any such ride is bound to be fun, trams later in the day would allow you to see the Christmas lights in their full glory. The big hotels and Christmas markets that line the route look particularly good once the sun begins to disappear.<\/p>\n\n\n\n<h3 class=\"wp-block-heading\">How to get to the old timer tram<\/h3>\n\n\n\n<p>NB: This information only refers to the last time the tram ran&#8230;<\/p>\n\n\n\n<p>Karlsplatz is a big station, so look for the Old Timer stop near the <a href=\"https:\/\/www.visitingvienna.com\/footsteps\/otto-wagner-pavilion\/\">Otto Wagner Pavilion<\/a>. All the stops around the route are well connected to the normal public transport network.<\/p>\n\n\n\n<p>Karlsplatz is on the U1, U2 and U4 subway lines, Schwedenplatz on the U1 and U4, and Schottentor on the U2. The Rathausplatz stop is close to Schottentor or the Rathaus subway station (also U2).<\/p>\n\n\n\n<p>If you prefer trams, then the 1, 2, D, 62, and 71 lines all go to the Karlsplatz or Oper\/Karlsplatz stops. The 1, D and 71 serve both Schottentor and Rathausplatz, while the 1 and 2 lines stop at Schwedenplatz.<\/p>\n\n\n\n<p>And if you&#8217;re looking for even more seasonal joy after a ride, two of the stops have major Christmas markets attached. <a href=\"https:\/\/www.visitingvienna.com\/sights\/christmasmarkets\/karlsplatz\/\">Karlsplatz<\/a> can rightly claim to be the most artistic of all the city&#8217;s seasonal markets. And the <a href=\"https:\/\/www.visitingvienna.com\/sights\/christmasmarkets\/rathausplatz\/\">Christkindlmarkt<\/a> at the Rathausplatz is Vienna&#8217;s biggest and most famous.<\/p>\n\n\n\n<div align=\"center\"><iframe loading=\"lazy\" src=\"https:\/\/www.google.com\/maps\/d\/u\/0\/embed?mid=1IV8M9-mH8kPwIX-r4le-2hv35XE\" width=\"400\" height=\"300\"><\/iframe><\/div>\n","protected":false},"excerpt":{"rendered":"<p>A lot of things only appear during Advent here in Vienna. Christmas biscuits, for example. Or barrels of spiced wine and punch. Or the occasional burst of undiluted optimism to shine a light on the grumbling Viennese soul. Oh, and the Str\u00f6ck Christmas tram&#8230; The old timer tram (Photo courtesy of Wiener Linien and \u00a9 [&hellip;]<\/p>\n","protected":false},"author":1,"featured_media":21143,"comment_status":"closed","ping_status":"closed","sticky":false,"template":"","format":"standard","meta":{"_genesis_hide_title":false,"_genesis_hide_breadcrumbs":false,"_genesis_hide_singular_image":false,"_genesis_hide_footer_widgets":false,"_genesis_custom_body_class":"","_genesis_custom_post_class":"","_genesis_layout":"","footnotes":""},"categories":[15],"tags":[],"class_list":{"0":"post-21141","1":"post","2":"type-post","3":"status-publish","4":"format-standard","5":"has-post-thumbnail","7":"category-christmasmarkets","8":"entry"},"_links":{"self":[{"href":"https:\/\/www.visitingvienna.com\/wp-json\/wp\/v2\/posts\/21141","targetHints":{"allow":["GET"]}}],"collection":[{"href":"https:\/\/www.visitingvienna.com\/wp-json\/wp\/v2\/posts"}],"about":[{"href":"https:\/\/www.visitingvienna.com\/wp-json\/wp\/v2\/types\/post"}],"author":[{"embeddable":true,"href":"https:\/\/www.visitingvienna.com\/wp-json\/wp\/v2\/users\/1"}],"replies":[{"embeddable":true,"href":"https:\/\/www.visitingvienna.com\/wp-json\/wp\/v2\/comments?post=21141"}],"version-history":[{"count":14,"href":"https:\/\/www.visitingvienna.com\/wp-json\/wp\/v2\/posts\/21141\/revisions"}],"predecessor-version":[{"id":86605,"href":"https:\/\/www.visitingvienna.com\/wp-json\/wp\/v2\/posts\/21141\/revisions\/86605"}],"wp:featuredmedia":[{"embeddable":true,"href":"https:\/\/www.visitingvienna.com\/wp-json\/wp\/v2\/media\/21143"}],"wp:attachment":[{"href":"https:\/\/www.visitingvienna.com\/wp-json\/wp\/v2\/media?parent=21141"}],"wp:term":[{"taxonomy":"category","embeddable":true,"href":"https:\/\/www.visitingvienna.com\/wp-json\/wp\/v2\/categories?post=21141"},{"taxonomy":"post_tag","embeddable":true,"href":"https:\/\/www.visitingvienna.com\/wp-json\/wp\/v2\/tags?post=21141"}],"curies":[{"name":"wp","href":"https:\/\/api.w.org\/{rel}","templated":true}]}}