{"id":25967,"date":"2020-07-03T05:08:00","date_gmt":"2020-07-03T04:08:00","guid":{"rendered":"https:\/\/www.visitingvienna.com\/?p=25967"},"modified":"2025-05-29T18:04:57","modified_gmt":"2025-05-29T17:04:57","slug":"bakelite-exhibition","status":"publish","type":"post","link":"https:\/\/www.visitingvienna.com\/sights\/museums\/bakelite-exhibition\/","title":{"rendered":"Bakelite exhibition"},"content":{"rendered":"<div class=\"wp-block-image\">\n<figure class=\"alignright size-large\"><img loading=\"lazy\" decoding=\"async\" width=\"150\" height=\"150\" src=\"https:\/\/www.visitingvienna.com\/wp-content\/uploads\/2020\/07\/bakelitewireless.jpg\" alt=\"A Bakelite wireless\" class=\"wp-image-25971\" srcset=\"https:\/\/www.visitingvienna.com\/wp-content\/uploads\/2020\/07\/bakelitewireless.jpg 150w, https:\/\/www.visitingvienna.com\/wp-content\/uploads\/2020\/07\/bakelitewireless-100x100.jpg 100w\" sizes=\"auto, (max-width: 150px) 100vw, 150px\" \/><\/figure>\n<\/div>\n\n\n<p>The dark finish of many Bakelite products seems irresistibly familiar, even though you rarely find this plastic in household items any more. The new Bakelite exhibition at the MAK museum explores the diversity and (design) history of this remarkable material.<\/p>\n\n\n\n<ul class=\"wp-block-list\">\n<li>Around 300 Bakelite items from 1930-1970<\/li>\n\n\n\n<li>Covers a range of applications<\/li>\n\n\n\n<li>&#8230;from coffee grinders to cameras and car models<\/li>\n\n\n\n<li>Draws on the excellent Geog Kargl collection<\/li>\n\n\n\n<li>Curated by Rainald Franz and Gerson Lessa with display designs by Mladen Bizumic<\/li>\n\n\n\n<li>See the exhibition with a normal museum entrance ticket<\/li>\n\n\n\n<li>Runs Jul 15 &#8211; Dec 13, 2020<\/li>\n\n\n\n<li>See also:\n<ul class=\"wp-block-list\">\n<li><a href=\"https:\/\/www.visitingvienna.com\/sights\/museums\/mak\/\">MAK visitor &amp; tickets info<\/a><\/li>\n\n\n\n<li><a href=\"https:\/\/www.visitingvienna.com\/entertainment\/events\/exhibitions\/#design\">Current design exhibitions<\/a><\/li>\n<\/ul>\n<\/li>\n<\/ul>\n\n\n\n<h2 class=\"wp-block-heading\">The Georg Kargl collection<\/h2>\n\n\n<div class=\"wp-block-image\">\n<figure class=\"aligncenter size-large\"><img loading=\"lazy\" decoding=\"async\" width=\"500\" height=\"334\" src=\"https:\/\/www.visitingvienna.com\/wp-content\/uploads\/2020\/07\/bakelite.jpg\" alt=\"\" class=\"wp-image-25969\" srcset=\"https:\/\/www.visitingvienna.com\/wp-content\/uploads\/2020\/07\/bakelite.jpg 500w, https:\/\/www.visitingvienna.com\/wp-content\/uploads\/2020\/07\/bakelite-300x200.jpg 300w\" sizes=\"auto, (max-width: 500px) 100vw, 500px\" \/><\/figure>\n<\/div>\n\n\n<p class=\"has-text-align-center has-small-font-size\">(Table lamps, 1945; Design: Yves Jujeau, Andr\u00e9 Mounique; Execution: Jumo Brevete, France; Bakelite, metal; 14.5 \u00d7 28 \u00d7 19 cm each; Kargl Collection 36.01.03.09.705, 36.01.05.09.718, 36.01.03.09.720; \u00a9 Yves Jujeau, Andr\u00e9 Mounique; Photo: \u00a9 MAK\/Georg Mayer)<\/p>\n\n\n\n<p>Sometimes, a technological development comes along that transforms design and industry. One such example is Bakelite, which most consider the very first real synthetic plastic.<\/p>\n\n\n\n<p>For manufacturers, the appearance of Bakelite in the early 20th century seemed a gift from the Gods: robust, hard, easily moulded, heat resistant, acid resistant, and a poor conductor. And for designers, the smooth surface and flexible shaping opened up all sorts of artistic possibilities.<\/p>\n\n\n\n<p>As a result, Bakelite appeared in everything from cars to costume jewelry, and Bakelite objects essentially document the rise of mechanisation and mass production (and the associated aesthetics) in the years leading up to WWII and beyond.<\/p>\n\n\n\n<p>Now largely superseded by modern plastics, Bakelite remains the poster child for an industrial era and enjoys considerable interest from art collectors and modern history buffs.<\/p>\n\n\n\n<p>One such collector was Georg Kargl (1955-2018) and the new MAK exhibition uses 300 works from his wonderful Bakelite collection to reveal the material&#8217;s versatility, trace its history, and illustrate its role in design.<\/p>\n\n\n\n<p>The exhibition places the items into 14 different themed groups, with many pieces featuring the iconic dark brown lustre familiar from the time.<\/p>\n\n\n\n<p>As an Englishman, I feel contractually obliged to mention one particular exhibit: the 1949 Bush TV 12, which was the first version of the iconic 9-inch Bush television set. The TV 12 came pre-tuned to receive a single BBC station in London. How times have changed.<\/p>\n\n\n\n<h2 class=\"wp-block-heading\">Dates, tickets &amp; tips<\/h2>\n\n\n\n<p>Surround yourself in historical plastic from July 14th to December 13th, 2020. <\/p>\n\n\n\n<p>Just get yourself a normal museum ticket to see any of the exhibitions at the MAK.<\/p>\n\n\n\n<p>Depending when you go, you might encounter one of several other summer and autumn events at the museum. I&#8217;d particularly recommend the <a href=\"https:\/\/www.visitingvienna.com\/sights\/museums\/thonet-bentwood\/\">Thonet<\/a> exhibition (until September 6th, 2020).<\/p>\n\n\n\n<h3 class=\"wp-block-heading\">How to get to the Bakelite<\/h3>\n\n\n\n<p>The MAK kindly sits alongside the big boulevard that flows around the historic old town. See the main <a href=\"https:\/\/www.visitingvienna.com\/sights\/museums\/mak\/\">MAK article<\/a> for travel tips.<\/p>\n\n\n\n<p>By the way, when you leave the MAK, consider dropping into <a href=\"https:\/\/www.visitingvienna.com\/eatingdrinking\/cafespubsbars\/cafe-pruckel\/\">Caf\u00e9 Pr\u00fcckel<\/a> on the other side of the road: it&#8217;s one of Vienna&#8217;s famous traditional coffee houses.<\/p>\n\n\n\n<p>Address: Stubenring 5, 1010 Vienna<\/p>\n\n\n\n<div align=\"center\"><iframe loading=\"lazy\" src=\"https:\/\/www.google.com\/maps\/d\/u\/0\/embed?mid=1G1JqCaIFJT9xk7v01SX4IL93otIsKj2D\" width=\"400\" height=\"300\"><\/iframe><\/div>\n","protected":false},"excerpt":{"rendered":"<p>The dark finish of many Bakelite products seems irresistibly familiar, even though you rarely find this plastic in household items any more. The new Bakelite exhibition at the MAK museum explores the diversity and (design) history of this remarkable material. The Georg Kargl collection (Table lamps, 1945; Design: Yves Jujeau, Andr\u00e9 Mounique; Execution: Jumo Brevete, [&hellip;]<\/p>\n","protected":false},"author":1,"featured_media":25971,"comment_status":"closed","ping_status":"closed","sticky":false,"template":"","format":"standard","meta":{"_genesis_hide_title":false,"_genesis_hide_breadcrumbs":false,"_genesis_hide_singular_image":false,"_genesis_hide_footer_widgets":false,"_genesis_custom_body_class":"","_genesis_custom_post_class":"","_genesis_layout":"","footnotes":""},"categories":[16],"tags":[],"class_list":{"0":"post-25967","1":"post","2":"type-post","3":"status-publish","4":"format-standard","5":"has-post-thumbnail","7":"category-museums","8":"entry"},"_links":{"self":[{"href":"https:\/\/www.visitingvienna.com\/wp-json\/wp\/v2\/posts\/25967","targetHints":{"allow":["GET"]}}],"collection":[{"href":"https:\/\/www.visitingvienna.com\/wp-json\/wp\/v2\/posts"}],"about":[{"href":"https:\/\/www.visitingvienna.com\/wp-json\/wp\/v2\/types\/post"}],"author":[{"embeddable":true,"href":"https:\/\/www.visitingvienna.com\/wp-json\/wp\/v2\/users\/1"}],"replies":[{"embeddable":true,"href":"https:\/\/www.visitingvienna.com\/wp-json\/wp\/v2\/comments?post=25967"}],"version-history":[{"count":4,"href":"https:\/\/www.visitingvienna.com\/wp-json\/wp\/v2\/posts\/25967\/revisions"}],"predecessor-version":[{"id":83818,"href":"https:\/\/www.visitingvienna.com\/wp-json\/wp\/v2\/posts\/25967\/revisions\/83818"}],"wp:featuredmedia":[{"embeddable":true,"href":"https:\/\/www.visitingvienna.com\/wp-json\/wp\/v2\/media\/25971"}],"wp:attachment":[{"href":"https:\/\/www.visitingvienna.com\/wp-json\/wp\/v2\/media?parent=25967"}],"wp:term":[{"taxonomy":"category","embeddable":true,"href":"https:\/\/www.visitingvienna.com\/wp-json\/wp\/v2\/categories?post=25967"},{"taxonomy":"post_tag","embeddable":true,"href":"https:\/\/www.visitingvienna.com\/wp-json\/wp\/v2\/tags?post=25967"}],"curies":[{"name":"wp","href":"https:\/\/api.w.org\/{rel}","templated":true}]}}