{"id":33969,"date":"2021-08-23T05:40:00","date_gmt":"2021-08-23T04:40:00","guid":{"rendered":"https:\/\/www.visitingvienna.com\/?p=33969"},"modified":"2025-06-24T12:54:52","modified_gmt":"2025-06-24T11:54:52","slug":"jugendstil-graben","status":"publish","type":"post","link":"https:\/\/www.visitingvienna.com\/sights\/jugendstil-graben\/","title":{"rendered":"Jugendstil on the Graben"},"content":{"rendered":"<div class=\"wp-block-image\">\n<figure class=\"alignright size-large\"><img loading=\"lazy\" decoding=\"async\" width=\"150\" height=\"150\" src=\"https:\/\/www.visitingvienna.com\/wp-content\/uploads\/2021\/06\/jugendstildesign.jpg\" alt=\"A Jugendstil design\" class=\"wp-image-33970\" srcset=\"https:\/\/www.visitingvienna.com\/wp-content\/uploads\/2021\/06\/jugendstildesign.jpg 150w, https:\/\/www.visitingvienna.com\/wp-content\/uploads\/2021\/06\/jugendstildesign-100x100.jpg 100w\" sizes=\"auto, (max-width: 150px) 100vw, 150px\" \/><\/figure>\n<\/div>\n\n\n<p>Jugendstil buildings and other innovative architecture of the late 19th and early 20th century appear throughout the city. Fortunately, the popular pedestrianised tourist areas in the centre include a few lovely examples.<\/p>\n\n\n\n<ul class=\"wp-block-list\">\n<li>Add a historical <a href=\"https:\/\/www.tiqets.com\/en\/vienna-walking-tours-l205287\/?partner=visitingvienna&amp;tq_campaign=LG_WalkingTours\" rel=\"sponsored\">walking tour<\/a>* to your trip<\/li>\n\n\n\n<li>See also:\n<ul class=\"wp-block-list\">\n<li><a href=\"https:\/\/www.visitingvienna.com\/sightseeing\/\" data-type=\"page\" data-id=\"1632\">Sightseeing in Vienna<\/a><\/li>\n\n\n\n<li><a href=\"https:\/\/www.visitingvienna.com\/transport\/walking-tour\/\" data-type=\"post\" data-id=\"50322\">Self-guided walking route<\/a> around Vienna<\/li>\n<\/ul>\n<\/li>\n<\/ul>\n\n\n\n<h2 class=\"wp-block-heading\">Mosaics and modernism<\/h2>\n\n\n<div class=\"wp-block-image\">\n<figure class=\"aligncenter size-full\"><img loading=\"lazy\" decoding=\"async\" width=\"500\" height=\"375\" src=\"https:\/\/www.visitingvienna.com\/wp-content\/uploads\/2022\/07\/engelapotheke.jpg\" alt=\"Apotheke Zum weissen Engel\" class=\"wp-image-49425\" srcset=\"https:\/\/www.visitingvienna.com\/wp-content\/uploads\/2022\/07\/engelapotheke.jpg 500w, https:\/\/www.visitingvienna.com\/wp-content\/uploads\/2022\/07\/engelapotheke-300x225.jpg 300w\" sizes=\"auto, (max-width: 500px) 100vw, 500px\" \/><\/figure>\n<\/div>\n\n\n<p class=\"has-text-align-center has-small-font-size\">(Not your average-looking pharmacy)<\/p>\n\n\n\n<p>One of Vienna&#8217;s many attractions is the city&#8217;s particular brand of Art Nouveau design known as <a href=\"https:\/\/www.visitingvienna.com\/culture\/jugendstil\/\" data-type=\"post\" data-id=\"31716\">Jugendstil<\/a>.<\/p>\n\n\n\n<p>I&#8217;ve picked out some of the interesting turn-of-the-century housing and business premises around the pedestrianised Graben street and adjoining roads at the heart of Vienna. (And marked them on a map at the end of the article.)<\/p>\n\n\n\n<p>Of course, the rest of the centre has <a href=\"https:\/\/www.visitingvienna.com\/sights\/jugendstil-centre\/\" data-type=\"post\" data-id=\"34058\">further Jugendstil examples<\/a>, such as the <a href=\"https:\/\/www.visitingvienna.com\/sights\/ankeruhr-anchor-clock\/\" data-type=\"post\" data-id=\"6414\">Ankeruhr<\/a> or <a href=\"https:\/\/www.visitingvienna.com\/footsteps\/postsparkasse-building\/\" data-type=\"post\" data-id=\"32273\">Postsparkassenamt<\/a>, but these suggestions cover a compact area and mimic where you&#8217;re probably <a href=\"https:\/\/www.visitingvienna.com\/transport\/walking-tour\/\" data-type=\"post\" data-id=\"50322\">walking anyway<\/a> (at least on your first trip to Vienna).<\/p>\n\n\n\n<h3 class=\"wp-block-heading\">Bognergasse<\/h3>\n\n\n<div class=\"wp-block-image\">\n<figure class=\"aligncenter size-full\"><img loading=\"lazy\" decoding=\"async\" width=\"500\" height=\"375\" src=\"https:\/\/www.visitingvienna.com\/wp-content\/uploads\/2022\/07\/schwarzenkameel.jpg\" alt=\"Zum Schwarzen Kameel\" class=\"wp-image-49426\" srcset=\"https:\/\/www.visitingvienna.com\/wp-content\/uploads\/2022\/07\/schwarzenkameel.jpg 500w, https:\/\/www.visitingvienna.com\/wp-content\/uploads\/2022\/07\/schwarzenkameel-300x225.jpg 300w\" sizes=\"auto, (max-width: 500px) 100vw, 500px\" \/><\/figure>\n<\/div>\n\n\n<p class=\"has-text-align-center has-small-font-size\">(A popular gastronomic location today: <em>Zum Schwarzen Kameel<\/em>)<\/p>\n\n\n\n<p>Our journey starts with two business premises on Bognergasse at the western end of the Graben.<\/p>\n\n\n\n<p>The ground floor pharmacy at Bognergasse 9 with its twin Jugendstil angel mosaics (pictured at the top of this article) grabs all the attention on this 1901 building by Oskar Laske, who subsequently worked as a WWI war artist.<\/p>\n\n\n\n<p>The Engel Apotheke (actually the <em>Zum wei\u00dfen Engel<\/em> pharmacy) looks back on an unfathomably long history that possibly began in the mid-15th century.<\/p>\n\n\n\n<p>The site at Bognergasse 5 also dates back centuries but the current building &#8220;only&#8221; to the very start of the 1900s. The main point of interest is the popular restaurant, wine merchant and delicatessen <em>Zum Schwarzen Kameel<\/em>, first established in 1618.<\/p>\n\n\n\n<p>Put your head through the door to see the refined Jugendstil interior originally designed by Robert Oerley, who became a leading light in the <a href=\"https:\/\/www.visitingvienna.com\/footsteps\/secession\/\" data-type=\"post\" data-id=\"2119\">Wiener Secession<\/a>.<\/p>\n\n\n\n<h3 class=\"wp-block-heading\">Kohlmarkt<\/h3>\n\n\n<div class=\"wp-block-image\">\n<figure class=\"aligncenter size-full\"><img loading=\"lazy\" decoding=\"async\" width=\"500\" height=\"375\" src=\"https:\/\/www.visitingvienna.com\/wp-content\/uploads\/2022\/04\/looshouse.jpg\" alt=\"The Loos House\" class=\"wp-image-45256\" srcset=\"https:\/\/www.visitingvienna.com\/wp-content\/uploads\/2022\/04\/looshouse.jpg 500w, https:\/\/www.visitingvienna.com\/wp-content\/uploads\/2022\/04\/looshouse-300x225.jpg 300w\" sizes=\"auto, (max-width: 500px) 100vw, 500px\" \/><\/figure>\n<\/div>\n\n\n<p class=\"has-text-align-center has-small-font-size\">(The Loos House that set Viennese tongues wagging)<\/p>\n\n\n\n<p>Bognergasse emerges onto one end of the Graben, but before we go down that street, a quick detour up Kohlmarkt in the direction of the <a href=\"https:\/\/www.visitingvienna.com\/sightseeing\/hofburg\/\" data-type=\"page\" data-id=\"2708\">Hofburg palace<\/a> (which is decidedly not Jugendstil).<\/p>\n\n\n\n<p>Two designs toward the end of Kohlmarkt by Adolf Loos, one of the mainstays of the Wiener Moderne, deserve your particular attention.<\/p>\n\n\n\n<p>The notorious 1912 <a href=\"https:\/\/www.visitingvienna.com\/sights\/winter-palace\/loos-house\/\" data-type=\"post\" data-id=\"3114\">Loos House<\/a> allegedly so offended the Kaiser with its lack of decoration that he ordered the windows looking down on it from his palace to be shuttered up.<\/p>\n\n\n<div class=\"wp-block-image\">\n<figure class=\"aligncenter size-full\"><img loading=\"lazy\" decoding=\"async\" width=\"500\" height=\"375\" src=\"https:\/\/www.visitingvienna.com\/wp-content\/uploads\/2022\/07\/manz.jpg\" alt=\"Kohlmarkt 16\" class=\"wp-image-49427\" srcset=\"https:\/\/www.visitingvienna.com\/wp-content\/uploads\/2022\/07\/manz.jpg 500w, https:\/\/www.visitingvienna.com\/wp-content\/uploads\/2022\/07\/manz-300x225.jpg 300w\" sizes=\"auto, (max-width: 500px) 100vw, 500px\" \/><\/figure>\n<\/div>\n\n\n<p class=\"has-text-align-center has-small-font-size\">(Once a thriving specialist bookstore)<\/p>\n\n\n\n<p>The post-Jugendstil design helped usher in the era of modern architecture. The building certainly stands in contrast to its more <a href=\"https:\/\/www.visitingvienna.com\/sights\/michaelerplatz-2\/\" data-type=\"post\" data-id=\"27254\">historical surrounds<\/a>.<\/p>\n\n\n\n<p>Loos gave the Manz bookshop at Kohlmarkt 16 a black marble 1912 portal entrance with a welcoming illuminated alcove. The darker serious tone seemed to reflect the focus of the publisher and shop within; law, taxation and economics (not a store for the faint hearted).<\/p>\n\n\n\n<p>Manz is still going strong, but its physical bookstore closed back in 2023. The new occupants had retained the portal the last time I passed in early summer 2024.<\/p>\n\n\n<div class=\"wp-block-image\">\n<figure class=\"aligncenter size-full\"><img loading=\"lazy\" decoding=\"async\" width=\"500\" height=\"375\" src=\"https:\/\/www.visitingvienna.com\/wp-content\/uploads\/2022\/07\/burberry.jpg\" alt=\"Building on Kohlmarkt\" class=\"wp-image-49428\" srcset=\"https:\/\/www.visitingvienna.com\/wp-content\/uploads\/2022\/07\/burberry.jpg 500w, https:\/\/www.visitingvienna.com\/wp-content\/uploads\/2022\/07\/burberry-300x225.jpg 300w\" sizes=\"auto, (max-width: 500px) 100vw, 500px\" \/><\/figure>\n<\/div>\n\n\n<p class=\"has-text-align-center has-small-font-size\">(Kohlmarkt 2)<\/p>\n\n\n\n<p>Elsewhere on Kohlmarkt, the building at No.1 (from 1896) shows Jugendstil elements beginning to encroach on historicism design, as evidenced by the gold decoration on the horizontal green supports.<\/p>\n\n\n\n<p>The 1909 house opposite at No.2 takes a more modern approach. It impresses particularly with its ever-diminishing window sizes, almost as if following some mathematical progression. Architect Friedrich Sch\u00f6n was actually known for relatively conservative design.<\/p>\n\n\n<div class=\"wp-block-image\">\n<figure class=\"aligncenter size-full\"><img loading=\"lazy\" decoding=\"async\" width=\"500\" height=\"375\" src=\"https:\/\/www.visitingvienna.com\/wp-content\/uploads\/2022\/07\/kohlmarkt9.jpg\" alt=\"Kohlmarkt 9\" class=\"wp-image-49429\" srcset=\"https:\/\/www.visitingvienna.com\/wp-content\/uploads\/2022\/07\/kohlmarkt9.jpg 500w, https:\/\/www.visitingvienna.com\/wp-content\/uploads\/2022\/07\/kohlmarkt9-300x225.jpg 300w\" sizes=\"auto, (max-width: 500px) 100vw, 500px\" \/><\/figure>\n<\/div>\n\n\n<p class=\"has-text-align-center has-small-font-size\">(Kohlmarkt 9)<\/p>\n\n\n\n<p>The house at No. 9 (from 1900) uses a bay window effect to add a distinctive touch above the columned ground floor. Architect Max Fabiani also designed the well-known <a href=\"https:\/\/www.visitingvienna.com\/sights\/urania\/\" data-type=\"post\" data-id=\"34177\">Urania building<\/a> in the northeast corner of the city centre.<\/p>\n\n\n\n<p>The previous building here played host to a rather famous guest: the composer Chopin lived there in the early 1830s. Not the only composer to <a href=\"https:\/\/www.visitingvienna.com\/famous-people\/#composers\">pass through Vienna<\/a>.<\/p>\n\n\n\n<p>(For another piece of musical history, walk back up towards <a href=\"https:\/\/www.visitingvienna.com\/sights\/michaelerplatz-2\/\" data-type=\"post\" data-id=\"27254\">Michaelerplatz<\/a> and the Hofburg. Haydn once lived in the last house on the left just before you emerge onto the square.)<\/p>\n\n\n\n<p>Now wander up the Graben\u2026<\/p>\n\n\n\n<div align=\"center\"><em>Ad:<\/em><br><\/div><div data-tiqets-widget=\"discovery\" data-cards-layout=\"horizontal\" data-content-type=\"product\" data-content-ids=\"1029262,976190\" data-partner=\"visitingvienna\" data-tq-campaign=\"DA_HistoryTours\"><\/div><script defer src=\"https:\/\/widgets.tiqets.com\/loader.js\"><\/script>\n\n\n\n<div style=\"height:25px\" aria-hidden=\"true\" class=\"wp-block-spacer\"><\/div>\n\n\n\n<h3 class=\"wp-block-heading\">The Graben<\/h3>\n\n\n\n<p>Immediately on your right as you enter the Graben from Kohlmarkt is house No. 17 from around 1905; its predecessor allegedly claimed Mozart among its occupants. The building suffers a little in comparison with its neighbour\u2026<\/p>\n\n\n<div class=\"wp-block-image\">\n<figure class=\"aligncenter size-full\"><img loading=\"lazy\" decoding=\"async\" width=\"500\" height=\"375\" src=\"https:\/\/www.visitingvienna.com\/wp-content\/uploads\/2022\/07\/jugendstilmosaic.jpg\" alt=\"Jugendstil mosaic at Graben 16\" class=\"wp-image-49430\" srcset=\"https:\/\/www.visitingvienna.com\/wp-content\/uploads\/2022\/07\/jugendstilmosaic.jpg 500w, https:\/\/www.visitingvienna.com\/wp-content\/uploads\/2022\/07\/jugendstilmosaic-300x225.jpg 300w\" sizes=\"auto, (max-width: 500px) 100vw, 500px\" \/><\/figure>\n<\/div>\n\n\n<p class=\"has-text-align-center has-small-font-size\">(The decorative mosaics at No.16)<\/p>\n\n\n\n<p>Built at the end of the first decade of the 20th century, No.16 still possesses its remarkable mosaics, albeit rather high up on the fa\u00e7ade. I rather like the dark railings and projecting windows, too.<\/p>\n\n\n\n<p>The other side of the street from No.16 and No.17 features a particularly iconic piece of Jugendstil architecture. Not a building as such, but a pair of underground public toilets. The facilities have been upgraded since they first appeared (you&#8217;ll be pleased to know).<\/p>\n\n\n<div class=\"wp-block-image\">\n<figure class=\"aligncenter size-full\"><img loading=\"lazy\" decoding=\"async\" width=\"500\" height=\"375\" src=\"https:\/\/www.visitingvienna.com\/wp-content\/uploads\/2022\/07\/jugendstiltoilets.jpg\" alt=\"Jugendstil public toilets on the Graben\" class=\"wp-image-49431\" srcset=\"https:\/\/www.visitingvienna.com\/wp-content\/uploads\/2022\/07\/jugendstiltoilets.jpg 500w, https:\/\/www.visitingvienna.com\/wp-content\/uploads\/2022\/07\/jugendstiltoilets-300x225.jpg 300w\" sizes=\"auto, (max-width: 500px) 100vw, 500px\" \/><\/figure>\n<\/div>\n\n\n<p class=\"has-text-align-center has-small-font-size\">(I chose not to take a photo of the interior of the toilets, because I was already getting funny looks from users.)<\/p>\n\n\n\n<p>Adolf Loos continues his march through the city centre at Graben 13, where he designed the interior and portal for the gentleman&#8217;s tailors <em>Knize<\/em> (another entrance making use of black marble).<\/p>\n\n\n\n<p>Knize&#8217;s former customers include Emperor Franz Joseph, Oskar Kokoschka, Marilyn Monroe, and Marlene Dietrich. (Which also sounds like an intriguing dinner party guest list.)<\/p>\n\n\n<div class=\"wp-block-image\">\n<figure class=\"aligncenter size-full\"><img loading=\"lazy\" decoding=\"async\" width=\"500\" height=\"375\" src=\"https:\/\/www.visitingvienna.com\/wp-content\/uploads\/2022\/07\/knize.jpg\" alt=\"Gentlemen tailors on the Graben\" class=\"wp-image-49432\" srcset=\"https:\/\/www.visitingvienna.com\/wp-content\/uploads\/2022\/07\/knize.jpg 500w, https:\/\/www.visitingvienna.com\/wp-content\/uploads\/2022\/07\/knize-300x225.jpg 300w\" sizes=\"auto, (max-width: 500px) 100vw, 500px\" \/><\/figure>\n<\/div>\n\n\n<p class=\"has-text-align-center has-small-font-size\">(Another Loos design)<\/p>\n\n\n\n<p>We complete our look down the Graben with the ground floor premises at No.8, notable for their white-veined black marble and the gorgeous brass fittings around the bay windows (the bird&#8217;s feet design remains a popular photo motif).<\/p>\n\n\n\n<p>No. 8 also makes a fine example of how a modern chain can still slip unobtrusively into historical surrounds: current occupants at the time of writing are H&amp;M.<\/p>\n\n\n<div class=\"wp-block-image\">\n<figure class=\"aligncenter size-full\"><img loading=\"lazy\" decoding=\"async\" width=\"500\" height=\"375\" src=\"https:\/\/www.visitingvienna.com\/wp-content\/uploads\/2022\/07\/hmgraben.jpg\" alt=\"Business premises at Graben 8\" class=\"wp-image-49433\" srcset=\"https:\/\/www.visitingvienna.com\/wp-content\/uploads\/2022\/07\/hmgraben.jpg 500w, https:\/\/www.visitingvienna.com\/wp-content\/uploads\/2022\/07\/hmgraben-300x225.jpg 300w\" sizes=\"auto, (max-width: 500px) 100vw, 500px\" \/><\/figure>\n<\/div>\n\n\n<p class=\"has-text-align-center has-small-font-size\">(An unexpected look for H&amp;M)<\/p>\n\n\n\n<p>The name of the original business that commissioned the 1904 redesign can still be seen at the entrance. E. Braun &amp; Co sold mainly clothing and luxury items in their long history.<\/p>\n\n\n\n<p>And it would not be Vienna without a musical connection. Alma Mahler (wife of <a href=\"https:\/\/www.visitingvienna.com\/footsteps\/gustav-mahler\/\" data-type=\"post\" data-id=\"25456\">Gustav<\/a>) and Richard Strauss apparently shopped there.<\/p>\n\n\n\n<p>At the end of the Graben, turn right to walk up K\u00e4rntner Stra\u00dfe for two famous locations.<\/p>\n\n\n\n<h3 class=\"wp-block-heading\">K\u00e4rntner Stra\u00dfe<\/h3>\n\n\n<div class=\"wp-block-image\">\n<figure class=\"aligncenter size-full\"><img loading=\"lazy\" decoding=\"async\" width=\"500\" height=\"375\" src=\"https:\/\/www.visitingvienna.com\/wp-content\/uploads\/2022\/07\/loosbarsign.jpg\" alt=\"The Loos Bar Sign\" class=\"wp-image-49434\" srcset=\"https:\/\/www.visitingvienna.com\/wp-content\/uploads\/2022\/07\/loosbarsign.jpg 500w, https:\/\/www.visitingvienna.com\/wp-content\/uploads\/2022\/07\/loosbarsign-300x225.jpg 300w\" sizes=\"auto, (max-width: 500px) 100vw, 500px\" \/><\/figure>\n<\/div>\n\n\n<p class=\"has-text-align-center has-small-font-size\">(The front mosaic spells out the words K\u00e4rntner Bar: the original name of the bar when it first opened)<\/p>\n\n\n\n<p>Look down the first road leading off to the right to find the <em>Loos American Bar<\/em> at K\u00e4rntner Durchgang 10.<\/p>\n\n\n\n<p>Loos designed the interior and entrance portal in 1908, all of which has been restored and reconstructed in recent times. <\/p>\n\n\n\n<p>You can see the insides on this old postcard:<\/p>\n\n\n<div class=\"wp-block-image\">\n<figure class=\"aligncenter size-large\"><img loading=\"lazy\" decoding=\"async\" width=\"500\" height=\"375\" src=\"https:\/\/www.visitingvienna.com\/wp-content\/uploads\/2021\/06\/Loos-Bar.jpg\" alt=\"\" class=\"wp-image-33974\" srcset=\"https:\/\/www.visitingvienna.com\/wp-content\/uploads\/2021\/06\/Loos-Bar.jpg 500w, https:\/\/www.visitingvienna.com\/wp-content\/uploads\/2021\/06\/Loos-Bar-300x225.jpg 300w\" sizes=\"auto, (max-width: 500px) 100vw, 500px\" \/><\/figure>\n<\/div>\n\n\n<p class=\"has-text-align-center has-small-font-size\">(Unknown photographer, K\u00e4rntner Durchgang\/ K\u00e4rntner Stra\u00dfe 10 &#8211; &#8220;K\u00e4rntner Bar&#8221; (Loos-Bar), postcard, 1913, Wien Museum Inv.-Nr. 236088, excerpt reproduced with permission under the terms of the CC0 licence)<\/p>\n\n\n\n<p>The &#8220;Loos bar&#8221; enjoys ongoing cult status through its tiny size, famous design, and a long list of celebrity patrons that has included the likes of Angelina Jolie and Mick Jagger.<\/p>\n\n\n\n<p>Further along K\u00e4rntner Stra\u00dfe is the rather lovely No.16 with its Jugendstil mosaic:<\/p>\n\n\n<div class=\"wp-block-image\">\n<figure class=\"aligncenter size-full\"><img loading=\"lazy\" decoding=\"async\" width=\"500\" height=\"375\" src=\"https:\/\/www.visitingvienna.com\/wp-content\/uploads\/2022\/07\/karntnerstrasse16.jpg\" alt=\"Karntner Strasse 16\" class=\"wp-image-49435\" srcset=\"https:\/\/www.visitingvienna.com\/wp-content\/uploads\/2022\/07\/karntnerstrasse16.jpg 500w, https:\/\/www.visitingvienna.com\/wp-content\/uploads\/2022\/07\/karntnerstrasse16-300x225.jpg 300w\" sizes=\"auto, (max-width: 500px) 100vw, 500px\" \/><\/figure>\n<\/div>\n\n\n<p class=\"has-text-align-center has-small-font-size\">(Not all of the astonishing mosaic fa\u00e7ade survived the deprivations of time, but much of it still remains)<\/p>\n\n\n\n<p>And that completes our short tour. Learn <a href=\"https:\/\/www.visitingvienna.com\/culture\/jugendstil\/\" data-type=\"post\" data-id=\"31716\">more about Jugendstil<\/a> and where you can see related art, architecture and design in Vienna here.<\/p>\n\n\n\n<div align=\"center\"><iframe loading=\"lazy\" src=\"https:\/\/www.google.com\/maps\/d\/u\/0\/embed?mid=1crC2pVUapGPA2C_liYRkC__qm3u7yNpC\" width=\"400\" height=\"300\"><\/iframe><\/div>\n","protected":false},"excerpt":{"rendered":"<p>Jugendstil buildings and other innovative architecture of the late 19th and early 20th century appear throughout the city. Fortunately, the popular pedestrianised tourist areas in the centre include a few lovely examples. Mosaics and modernism (Not your average-looking pharmacy) One of Vienna&#8217;s many attractions is the city&#8217;s particular brand of Art Nouveau design known as [&hellip;]<\/p>\n","protected":false},"author":1,"featured_media":33970,"comment_status":"closed","ping_status":"closed","sticky":false,"template":"","format":"standard","meta":{"_genesis_hide_title":false,"_genesis_hide_breadcrumbs":false,"_genesis_hide_singular_image":false,"_genesis_hide_footer_widgets":false,"_genesis_custom_body_class":"","_genesis_custom_post_class":"","_genesis_layout":"","footnotes":""},"categories":[14],"tags":[],"class_list":{"0":"post-33969","1":"post","2":"type-post","3":"status-publish","4":"format-standard","5":"has-post-thumbnail","7":"category-sights","8":"entry"},"_links":{"self":[{"href":"https:\/\/www.visitingvienna.com\/wp-json\/wp\/v2\/posts\/33969","targetHints":{"allow":["GET"]}}],"collection":[{"href":"https:\/\/www.visitingvienna.com\/wp-json\/wp\/v2\/posts"}],"about":[{"href":"https:\/\/www.visitingvienna.com\/wp-json\/wp\/v2\/types\/post"}],"author":[{"embeddable":true,"href":"https:\/\/www.visitingvienna.com\/wp-json\/wp\/v2\/users\/1"}],"replies":[{"embeddable":true,"href":"https:\/\/www.visitingvienna.com\/wp-json\/wp\/v2\/comments?post=33969"}],"version-history":[{"count":9,"href":"https:\/\/www.visitingvienna.com\/wp-json\/wp\/v2\/posts\/33969\/revisions"}],"predecessor-version":[{"id":84351,"href":"https:\/\/www.visitingvienna.com\/wp-json\/wp\/v2\/posts\/33969\/revisions\/84351"}],"wp:featuredmedia":[{"embeddable":true,"href":"https:\/\/www.visitingvienna.com\/wp-json\/wp\/v2\/media\/33970"}],"wp:attachment":[{"href":"https:\/\/www.visitingvienna.com\/wp-json\/wp\/v2\/media?parent=33969"}],"wp:term":[{"taxonomy":"category","embeddable":true,"href":"https:\/\/www.visitingvienna.com\/wp-json\/wp\/v2\/categories?post=33969"},{"taxonomy":"post_tag","embeddable":true,"href":"https:\/\/www.visitingvienna.com\/wp-json\/wp\/v2\/tags?post=33969"}],"curies":[{"name":"wp","href":"https:\/\/api.w.org\/{rel}","templated":true}]}}