{"id":82090,"date":"2025-04-10T12:44:31","date_gmt":"2025-04-10T11:44:31","guid":{"rendered":"https:\/\/www.visitingvienna.com\/?p=82090"},"modified":"2025-06-29T16:28:06","modified_gmt":"2025-06-29T15:28:06","slug":"alscafe","status":"publish","type":"post","link":"https:\/\/www.visitingvienna.com\/eatingdrinking\/cafespubsbars\/alscafe\/","title":{"rendered":"AlsCaf\u00e9"},"content":{"rendered":"\n<p>Renovation work at the location means my favourite haunt has now sadly closed and won&#8217;t be reopening.<\/p>\n\n\n\n<hr class=\"wp-block-separator has-alpha-channel-opacity\"\/>\n\n\n\n<p><strong>Previous review:<\/strong><\/p>\n\n\n<div class=\"wp-block-image\">\n<figure class=\"alignright size-full\"><img loading=\"lazy\" decoding=\"async\" width=\"150\" height=\"150\" src=\"https:\/\/www.visitingvienna.com\/wp-content\/uploads\/2025\/04\/alscafesmall.jpg\" alt=\"Caf\u00e9 sign\" class=\"wp-image-82089\" srcset=\"https:\/\/www.visitingvienna.com\/wp-content\/uploads\/2025\/04\/alscafesmall.jpg 150w, https:\/\/www.visitingvienna.com\/wp-content\/uploads\/2025\/04\/alscafesmall-100x100.jpg 100w\" sizes=\"auto, (max-width: 150px) 100vw, 150px\" \/><\/figure>\n<\/div>\n\n\n<p>For a taste of authentic Vienna away from the palaces and art museums, try one of the many neighbourhood caf\u00e9s. Like the one near me: the lovely AlsCaf\u00e9.<\/p>\n\n\n\n<ul class=\"wp-block-list\">\n<li>Typical &#8220;Gr\u00e4tzel-Caf\u00e9&#8221; for Vienna<\/li>\n\n\n\n<li>Friendly staff, congenial atmosphere<\/li>\n\n\n\n<li>Small menu (changes monthly: hope for the brownie)<\/li>\n\n\n\n<li>Surrounded by local history<\/li>\n\n\n\n<li>Enjoy a <a href=\"https:\/\/www.tiqets.com\/en\/concerts-opera-vienna-tickets-l206741\/?partner=visitingvienna&amp;tq_campaign=LG_Coffee\" rel=\"sponsored\">classical concert<\/a>* in Vienna<\/li>\n\n\n\n<li>See also:\n<ul class=\"wp-block-list\">\n<li><a href=\"https:\/\/www.visitingvienna.com\/eatingdrinking\/cafespubsbars\/coffee-houses\/\" data-type=\"post\" data-id=\"7689\">The coffee houses<\/a><\/li>\n\n\n\n<li><a href=\"https:\/\/www.visitingvienna.com\/mapsgeography\/viennadistricts\/\" data-type=\"post\" data-id=\"114\">The Viennese districts<\/a><\/li>\n<\/ul>\n<\/li>\n<\/ul>\n\n\n\n<h2 class=\"wp-block-heading\">A croissant &amp; creativity<\/h2>\n\n\n<div class=\"wp-block-image\">\n<figure class=\"aligncenter size-full\"><img loading=\"lazy\" decoding=\"async\" width=\"500\" height=\"333\" src=\"https:\/\/www.visitingvienna.com\/wp-content\/uploads\/2025\/04\/alscafe1.jpg\" alt=\"Interior of a coffee house\" class=\"wp-image-82087\" srcset=\"https:\/\/www.visitingvienna.com\/wp-content\/uploads\/2025\/04\/alscafe1.jpg 500w, https:\/\/www.visitingvienna.com\/wp-content\/uploads\/2025\/04\/alscafe1-300x200.jpg 300w\" sizes=\"auto, (max-width: 500px) 100vw, 500px\" \/><\/figure>\n<\/div>\n\n\n<p class=\"has-text-align-center has-small-font-size\">(Photo by Fiona-Livia Bachmann @fionalivia.arts)<\/p>\n\n\n\n<p>Think of caf\u00e9s in Vienna, and you probably imagine one of the famous city centre coffee houses that played host to philosophers, poets, and painters of the past.<\/p>\n\n\n\n<p>But the caf\u00e9 is part of the fabric of life across all Vienna. Particularly the Gr\u00e4tzel-Caf\u00e9, a term used to describe a neighbourhood caf\u00e9 that serves as a community hub and cultural venue for the local population.<\/p>\n\n\n\n<p>One such location is the AlsCaf\u00e9 in the outer district of Hernals: a quiet suburb stretching into the hills and not a stop on any <a href=\"https:\/\/www.visitingvienna.com\/transport\/sightseeing-bus\/\" data-type=\"post\" data-id=\"3789\">hop on hop off buses<\/a>.<\/p>\n\n\n\n<p>Back in 2023, two locals (Juma Hauser and Eva Baumgardinger) opened empty premises in a turn-of-the-century building as the AlsCaf\u00e9 for a day as a contribution to a city project.<\/p>\n\n\n\n<p>Thomas Huber was so taken by the idea that he turned the one-off concept into a personal project of the heart that became today&#8217;s caf\u00e9.<\/p>\n\n\n<div class=\"wp-block-image\">\n<figure class=\"aligncenter size-full\"><img loading=\"lazy\" decoding=\"async\" width=\"500\" height=\"375\" src=\"https:\/\/www.visitingvienna.com\/wp-content\/uploads\/2025\/04\/alscafe3.jpg\" alt=\"Window full of flyers\" class=\"wp-image-82125\" srcset=\"https:\/\/www.visitingvienna.com\/wp-content\/uploads\/2025\/04\/alscafe3.jpg 500w, https:\/\/www.visitingvienna.com\/wp-content\/uploads\/2025\/04\/alscafe3-300x225.jpg 300w\" sizes=\"auto, (max-width: 500px) 100vw, 500px\" \/><\/figure>\n<\/div>\n\n\n<p class=\"has-text-align-center has-small-font-size\">(A window full of event announcements)<\/p>\n\n\n\n<p>As Thomas puts it, the AlsCaf\u00e9 is a place where locals can come together to chat, write, read or work without overt pressure to keep consuming. A kind of extended living room: a concept emphasised by armchairs and bookshelves in one part of the caf\u00e9.<\/p>\n\n\n\n<p>As such, the AlsCaf\u00e9 is a place you might go to experience Viennese life away from the tourist areas. Especially on Saturdays, when locals drop in for refreshment after visiting the adjoining Alszeile open-air weekly market.<\/p>\n\n\n\n<p>Consider it somewhere to sit and relax in congenial surrounds, with friendly staff and (in the <a href=\"https:\/\/www.visitingvienna.com\/eatingdrinking\/coffee-house-experience\/\" data-type=\"post\" data-id=\"1947\">time-honoured tradition<\/a> of the Viennese caf\u00e9) no urgency to move on.<\/p>\n\n\n\n<p>You might spot a retiree enjoying an espresso after walking the dog. Or young parents treating their kids to whatever cake is on this month&#8217;s menu. Or friends catching up on local gossip. (If you go, pray they have the nut and cranberry brownie&#8230;it&#8217;s that good.)<\/p>\n\n\n\n<p>Thomas also supports local cultural and community activities with a dedicated room for events.<\/p>\n\n\n\n<div align=\"center\"><em>Ad:<\/em><br><\/div><div data-tiqets-widget=\"discovery\" data-cards-layout=\"horizontal\" data-slug-ids=\"exp206741,exp238032\" data-partner=\"visitingvienna\" data-tq-campaign=\"DA_ConcTour\"><\/div><script defer src=\"https:\/\/widgets.tiqets.com\/loader.js\"><\/script>\n\n\n\n<div style=\"height:25px\" aria-hidden=\"true\" class=\"wp-block-spacer\"><\/div>\n\n\n\n<p>So you might come across, for example, a vernissage for a local artist (the art on the caf\u00e9 walls changes every two weeks or so), a Q&amp;A on a topic of local interest, a small craft market, or a beer &amp; cheese tasting.<\/p>\n\n\n\n<p>And you might spot a shy Englishman on a workday, when things are quieter, spending a weekly half-day writing without home office distractions, and playing a tiny role in preserving the decades-old tradition of <em>Kaffeehausliteratur<\/em> (literary works written in part or whole down the coffee house).<\/p>\n\n\n\n<p>Same seat each week (by a window), same coffee (<a href=\"https:\/\/www.visitingvienna.com\/eatingdrinking\/food\/coffee-glossary\/\" data-type=\"post\" data-id=\"1863\">melange<\/a>, no sugar). So, yes, I am a creature of habit.<\/p>\n\n\n\n<p>Of course, even here, in a comfortable caf\u00e9 armchair in an outer district, you still can&#8217;t escape Viennese history.<\/p>\n\n\n\n<p>Look out that caf\u00e9 window and you see a reseda-green railway bridge designed by the great architect <a href=\"https:\/\/www.visitingvienna.com\/footsteps\/otto-wagner-in-vienna\/\" data-type=\"post\" data-id=\"4917\">Otto Wagner<\/a>.<\/p>\n\n\n<div class=\"wp-block-image\">\n<figure class=\"aligncenter size-full\"><img loading=\"lazy\" decoding=\"async\" width=\"500\" height=\"375\" src=\"https:\/\/www.visitingvienna.com\/wp-content\/uploads\/2025\/04\/alscafe2.jpg\" alt=\"Coffee cup and notebook\" class=\"wp-image-82088\" srcset=\"https:\/\/www.visitingvienna.com\/wp-content\/uploads\/2025\/04\/alscafe2.jpg 500w, https:\/\/www.visitingvienna.com\/wp-content\/uploads\/2025\/04\/alscafe2-300x225.jpg 300w\" sizes=\"auto, (max-width: 500px) 100vw, 500px\" \/><\/figure>\n<\/div>\n\n\n<p class=\"has-text-align-center has-small-font-size\">(My workspace in the caf\u00e9)<\/p>\n\n\n\n<p>The Vorortelinie (now the S45 city line) opened in 1898 to connect the suburbs (&#8220;Vororte&#8221;) in the west and north within the wider Stadtbahn city rail project.<\/p>\n\n\n\n<p>A short walk down the Alszeile and you have Austria&#8217;s oldest working football stadium (built in 1904): the home of Wiener Sportklub. Albeit not working now as it undergoes a two-year renovation.<\/p>\n\n\n\n<p>And across the Alszeile is the Hernals cemetery with its 19th-century gothic-style entranceway and the last resting place of Ernst Happel, who managed the Netherlands team that reached the final of the 1978 World Cup.<\/p>\n\n\n\n<p>The cemetery also explains the wide open spaces in front of the AlsCaf\u00e9. Thomas tells me that&#8217;s where the large horse-drawn carriages and horse-drawn hearses would park or turn.<\/p>\n\n\n\n<p>So, yes, history and culture are everywhere in Vienna.<\/p>\n\n\n\n<div align=\"center\"><iframe loading=\"lazy\" src=\"https:\/\/www.google.com\/maps\/d\/u\/0\/embed?mid=1qxMhuM31vUOcHvWtm9QzWRPeiURPKwCX\" width=\"400\" height=\"300\"><\/iframe><\/div>\n","protected":false},"excerpt":{"rendered":"<p>For a taste of authentic Vienna away from the palaces and art museums, try the lovely caf\u00e9 near me<\/p>\n","protected":false},"author":2,"featured_media":82089,"comment_status":"closed","ping_status":"closed","sticky":false,"template":"","format":"standard","meta":{"_genesis_hide_title":false,"_genesis_hide_breadcrumbs":false,"_genesis_hide_singular_image":false,"_genesis_hide_footer_widgets":false,"_genesis_custom_body_class":"","_genesis_custom_post_class":"","_genesis_layout":"","footnotes":""},"categories":[4],"tags":[],"class_list":{"0":"post-82090","1":"post","2":"type-post","3":"status-publish","4":"format-standard","5":"has-post-thumbnail","7":"category-cafespubsbars","8":"entry"},"_links":{"self":[{"href":"https:\/\/www.visitingvienna.com\/wp-json\/wp\/v2\/posts\/82090","targetHints":{"allow":["GET"]}}],"collection":[{"href":"https:\/\/www.visitingvienna.com\/wp-json\/wp\/v2\/posts"}],"about":[{"href":"https:\/\/www.visitingvienna.com\/wp-json\/wp\/v2\/types\/post"}],"author":[{"embeddable":true,"href":"https:\/\/www.visitingvienna.com\/wp-json\/wp\/v2\/users\/2"}],"replies":[{"embeddable":true,"href":"https:\/\/www.visitingvienna.com\/wp-json\/wp\/v2\/comments?post=82090"}],"version-history":[{"count":35,"href":"https:\/\/www.visitingvienna.com\/wp-json\/wp\/v2\/posts\/82090\/revisions"}],"predecessor-version":[{"id":84439,"href":"https:\/\/www.visitingvienna.com\/wp-json\/wp\/v2\/posts\/82090\/revisions\/84439"}],"wp:featuredmedia":[{"embeddable":true,"href":"https:\/\/www.visitingvienna.com\/wp-json\/wp\/v2\/media\/82089"}],"wp:attachment":[{"href":"https:\/\/www.visitingvienna.com\/wp-json\/wp\/v2\/media?parent=82090"}],"wp:term":[{"taxonomy":"category","embeddable":true,"href":"https:\/\/www.visitingvienna.com\/wp-json\/wp\/v2\/categories?post=82090"},{"taxonomy":"post_tag","embeddable":true,"href":"https:\/\/www.visitingvienna.com\/wp-json\/wp\/v2\/tags?post=82090"}],"curies":[{"name":"wp","href":"https:\/\/api.w.org\/{rel}","templated":true}]}}