{"id":88628,"date":"2026-02-12T07:57:17","date_gmt":"2026-02-12T06:57:17","guid":{"rendered":"https:\/\/www.visitingvienna.com\/?p=88628"},"modified":"2026-02-26T18:40:32","modified_gmt":"2026-02-26T17:40:32","slug":"honore-daumier-exhibition","status":"publish","type":"post","link":"https:\/\/www.visitingvienna.com\/sights\/museums\/honore-daumier-exhibition\/","title":{"rendered":"Honor\u00e9 Daumier exhibition"},"content":{"rendered":"<div class=\"wp-block-image\">\n<figure class=\"alignright size-full\"><a href=\"#tickets\"><img loading=\"lazy\" decoding=\"async\" width=\"150\" height=\"200\" src=\"https:\/\/www.visitingvienna.com\/wp-content\/uploads\/2026\/02\/honoredaumiertickets.jpg\" alt=\"Building with French flags\" class=\"wp-image-88627\"\/><\/a><\/figure>\n<\/div>\n\n\n<p>Injustice, Inequality. Abuse of power. &#8220;Plus \u00e7a change&#8221;, as 19th-century caricaturist and artist Honor\u00e9 Daumier might say today. The Albertina has an exhibition of his timeless works of commentary and satire.<\/p>\n\n\n\n<ul class=\"wp-block-list\">\n<li>Around 200 pieces of art<\/li>\n\n\n\n<li>Mainly drawings &amp; lithographs<\/li>\n\n\n\n<li>But also paintings and sculptures<\/li>\n\n\n\n<li>Runs Feb 6 &#8211; May 25, 2026<\/li>\n\n\n\n<li>Book <a href=\"https:\/\/www.tiqets.com\/en\/albertina-museum-tickets-l145708\/?partner=visitingvienna&amp;tq_campaign=LG_AlbVenue\" rel=\"sponsored\">Albertina tickets<\/a>*<\/li>\n\n\n\n<li>See also:\n<ul class=\"wp-block-list\">\n<li><a href=\"https:\/\/www.visitingvienna.com\/entertainment\/events\/exhibitions\/\" data-type=\"post\" data-id=\"37363\">Other art exhibitions<\/a><\/li>\n\n\n\n<li><a href=\"https:\/\/www.visitingvienna.com\/sights\/museums\/albertina\/\" data-type=\"post\" data-id=\"2995\">Albertina overview<\/a><\/li>\n<\/ul>\n<\/li>\n<\/ul>\n\n\n\n<h2 class=\"wp-block-heading\">Mirror of Society<\/h2>\n\n\n<div class=\"wp-block-image\">\n<figure class=\"aligncenter size-full\"><img loading=\"lazy\" decoding=\"async\" width=\"500\" height=\"365\" src=\"https:\/\/www.visitingvienna.com\/wp-content\/uploads\/2026\/02\/honoredaumier1.jpg\" alt=\"Caricature of a legislative assembly\" class=\"wp-image-88623\" srcset=\"https:\/\/www.visitingvienna.com\/wp-content\/uploads\/2026\/02\/honoredaumier1.jpg 500w, https:\/\/www.visitingvienna.com\/wp-content\/uploads\/2026\/02\/honoredaumier1-300x219.jpg 300w\" sizes=\"auto, (max-width: 500px) 100vw, 500px\" \/><\/figure>\n<\/div>\n\n\n<p class=\"has-text-align-center has-small-font-size\">(Honor\u00e9 Daumier, <em>The Legislative Belly<\/em>, L\u2019Association mensuelle, January 1834; 33.6 \u00d7 46.5 cm, lithograph sur blanc; the ALBERTINA Museum, Vienna)<\/p>\n\n\n\n<p>Without wishing to sound like a 1000-year old Tolkienesque elf&#8230;that which has passed before shall pass again.<\/p>\n\n\n\n<p>Anyone reporting at various times on 19th-century France might talk of political instability, socioeconomic turmoil, conflict, and abuses of power&#8230;sounds eerily familiar to many of us in 2026.<\/p>\n\n\n\n<p>Fortunately, society has creative individuals able to use humour, caricature, and art to point out injustices, admonish those misusing their authority, call attention to sociopolitical grievances, and highlight the lives of those a long way from the top of the pyramid of wealth.<\/p>\n\n\n\n<p>Honor\u00e9 Daumier (1808-1879) was one such creative, who mainly expressed his observations and biting commentary through caricaturist magazine art in Paris.<\/p>\n\n\n\n<p>The Albertina&#8217;s Daumier exhibition in cooperation with Frankfurt&#8217;s St\u00e4del Museum reveals the timeless nature of his work. It features almost 200 pieces, including loans from the Daumier collection donated by Hans-J\u00fcrgen Hellwig to the Museums-Verein of the St\u00e4del Museum.<\/p>\n\n\n<div class=\"wp-block-image\">\n<figure class=\"aligncenter size-full\"><img loading=\"lazy\" decoding=\"async\" width=\"359\" height=\"450\" src=\"https:\/\/www.visitingvienna.com\/wp-content\/uploads\/2026\/02\/honoredaumier3.jpg\" alt=\"Painting of a man browsing art prints\" class=\"wp-image-88625\" srcset=\"https:\/\/www.visitingvienna.com\/wp-content\/uploads\/2026\/02\/honoredaumier3.jpg 359w, https:\/\/www.visitingvienna.com\/wp-content\/uploads\/2026\/02\/honoredaumier3-239x300.jpg 239w\" sizes=\"auto, (max-width: 359px) 100vw, 359px\" \/><\/figure>\n<\/div>\n\n\n<p class=\"has-text-align-center has-small-font-size\">(Honor\u00e9 Daumier; <em>The Print Collector<\/em>, ca. 1860\/1862; 31.2 x 25 cm; oil on panel; St\u00e4del Museum, Frankfurt am Main, property of the St\u00e4delscher Museums-Verein e.V.)<\/p>\n\n\n\n<p>Prints and drawings dominate given they were the main media for Daumier&#8217;s caricatures. And these reveal the sharp observational skills and cutting wit he&#8217;s known for. So sharp and cutting that, with sad inevitability, Daumier paid the price in censorship and even prison time.<\/p>\n\n\n\n<p>We even see that censorship in action in the exhibition, with &#8220;rejected&#8221; and &#8220;accepted&#8221; versions of the same works on display.<\/p>\n\n\n\n<p>We accompany Daumier, then, as he takes us on a  journey through French political and social history: a time of republics, emperors and kings. The exhibition introduces us to his targets and themes, motifs and motivations.<\/p>\n\n\n\n<p>We also see, for example, paintings and drawings where Daumier removes his caricaturist hat. These reveal an artistic depth that documents social change and everyday lives with the same acute observational skill behind his magazine work.<\/p>\n\n\n\n<p>A short animated film from the early 1990s also brings his work to life (with music by none other than Paul McCartney).<\/p>\n\n\n<div class=\"wp-block-image\">\n<figure class=\"aligncenter size-full\"><img loading=\"lazy\" decoding=\"async\" width=\"357\" height=\"450\" src=\"https:\/\/www.visitingvienna.com\/wp-content\/uploads\/2026\/02\/honoredaumier2.jpg\" alt=\"Historical newspaper cartoon\" class=\"wp-image-88624\" srcset=\"https:\/\/www.visitingvienna.com\/wp-content\/uploads\/2026\/02\/honoredaumier2.jpg 357w, https:\/\/www.visitingvienna.com\/wp-content\/uploads\/2026\/02\/honoredaumier2-238x300.jpg 238w\" sizes=\"auto, (max-width: 357px) 100vw, 357px\" \/><\/figure>\n<\/div>\n\n\n<p class=\"has-text-align-center has-small-font-size\">(Honor\u00e9 Daumier; <em>European equilibrium<\/em>; Le Charivari, 03.04.1867; 28.7 \u00d7 22 cm, lithograph, newsprint; St\u00e4del Museum, Frankfurt am Main, Eigentum des St\u00e4delschen Museums-Vereins e.V.)<\/p>\n\n\n\n<p>The exhibition impressed me in various ways.<\/p>\n\n\n\n<p>First, offering a little insight into another place and time. And demonstrating that the excuse &#8220;they didn&#8217;t know better&#8221; when it comes to historical injustices is not as self-evident as apologists would like us to believe. Daumier clearly knew better and used his art to inform others.<\/p>\n\n\n\n<p>Second, I enjoyed exploring Daumier&#8217;s drawing approaches. How he uses composition and different levels of detail to draw your eye to where he wants it to go. Or his strong use of contrast. Or his ability to create expressive caricatures with a few strokes.<\/p>\n\n\n\n<p>Third, while not all the satire is immediately clear to a 21st-century Austro-Englishman, the humour often overlays a deadly seriousness that makes some works astonishingly impactful: take a look at 1831&#8217;s <em>A July Hero<\/em>, for example.<\/p>\n\n\n\n<h2 class=\"wp-block-heading\" id=\"tickets\">Dates, tickets &amp; tips<\/h2>\n\n\n\n<p>Enjoy the humour and art of Monsieur Daumier from February 6th to May 25th, 2026. An entrance ticket from or for the Albertina includes the special exhibition.<\/p>\n\n\n\n<div align=\"center\"><p class=\"has-text-align-center has-small-font-size\">(Booking service provided by Tiqets.com*, who I am an affiliate of)<\/p><div data-tiqets-widget=\"availability\" data-layout=\"full\" data-venue-id=\"145708\" data-partner=\"visitingvienna\" data-tq-campaign=\"AW_AlbVenue\"><\/div><script defer src=\"https:\/\/widgets.tiqets.com\/loader.js\"><\/script><\/div>\n\n\n\n<div style=\"height:25px\" aria-hidden=\"true\" class=\"wp-block-spacer\"><\/div>\n\n\n\n<p>By coincidence, another 19th-century politically-active French artist has a special exhibition on in Vienna across much of the same time: <a href=\"https:\/\/www.visitingvienna.com\/sights\/museums\/gustave-courbet-exhibition\/\" data-type=\"post\" data-id=\"88851\">Gustave Courbet<\/a> over at the Leopold Museum (until June 21st, 2026).<\/p>\n\n\n\n<p>Should you wish to stay in the 1800s, Lower Belvedere <a href=\"https:\/\/www.visitingvienna.com\/sights\/museums\/belvedere-sites\/waldmuller-exhibition\/\" data-type=\"post\" data-id=\"88857\">has landscapes<\/a> centered around Austrian painter Ferdinand Georg Waldm\u00fcller (February 27th to June 14th, 2026), but the exhibition also features the likes of Constable and Corot. Coincidentally, the latter&#8217;s portrait of Daumier hangs in the Albertina exhibition.<\/p>\n\n\n\n<h3 class=\"wp-block-heading\">How to get there<\/h3>\n\n\n\n<p>The Albertina is central and just a short walk from a couple of major subway stations (Stephansplatz and Karlsplatz). For detailed travel tips, see my <a href=\"https:\/\/www.visitingvienna.com\/sights\/museums\/albertina\/\" data-type=\"post\" data-id=\"2995\">main Albertina article<\/a>.<\/p>\n\n\n\n<p>Address: Albertinaplatz 1, 1010 Vienna<\/p>\n\n\n\n<div align=\"center\"><iframe loading=\"lazy\" src=\"https:\/\/www.google.com\/maps\/d\/u\/0\/embed?mid=1zfWanf5rPBbnTLLDuah2uixe-Nw\" width=\"400\" height=\"300\"><\/iframe><\/div>\n","protected":false},"excerpt":{"rendered":"<p>Timeless works of commentary and satire from the 19th-century French caricaturist and artist. Plus \u00e7a change<\/p>\n","protected":false},"author":2,"featured_media":88626,"comment_status":"closed","ping_status":"closed","sticky":false,"template":"","format":"standard","meta":{"_genesis_hide_title":false,"_genesis_hide_breadcrumbs":false,"_genesis_hide_singular_image":false,"_genesis_hide_footer_widgets":false,"_genesis_custom_body_class":"","_genesis_custom_post_class":"","_genesis_layout":"","footnotes":""},"categories":[16],"tags":[],"class_list":{"0":"post-88628","1":"post","2":"type-post","3":"status-publish","4":"format-standard","5":"has-post-thumbnail","7":"category-museums","8":"entry"},"_links":{"self":[{"href":"https:\/\/www.visitingvienna.com\/wp-json\/wp\/v2\/posts\/88628","targetHints":{"allow":["GET"]}}],"collection":[{"href":"https:\/\/www.visitingvienna.com\/wp-json\/wp\/v2\/posts"}],"about":[{"href":"https:\/\/www.visitingvienna.com\/wp-json\/wp\/v2\/types\/post"}],"author":[{"embeddable":true,"href":"https:\/\/www.visitingvienna.com\/wp-json\/wp\/v2\/users\/2"}],"replies":[{"embeddable":true,"href":"https:\/\/www.visitingvienna.com\/wp-json\/wp\/v2\/comments?post=88628"}],"version-history":[{"count":6,"href":"https:\/\/www.visitingvienna.com\/wp-json\/wp\/v2\/posts\/88628\/revisions"}],"predecessor-version":[{"id":88956,"href":"https:\/\/www.visitingvienna.com\/wp-json\/wp\/v2\/posts\/88628\/revisions\/88956"}],"wp:featuredmedia":[{"embeddable":true,"href":"https:\/\/www.visitingvienna.com\/wp-json\/wp\/v2\/media\/88626"}],"wp:attachment":[{"href":"https:\/\/www.visitingvienna.com\/wp-json\/wp\/v2\/media?parent=88628"}],"wp:term":[{"taxonomy":"category","embeddable":true,"href":"https:\/\/www.visitingvienna.com\/wp-json\/wp\/v2\/categories?post=88628"},{"taxonomy":"post_tag","embeddable":true,"href":"https:\/\/www.visitingvienna.com\/wp-json\/wp\/v2\/tags?post=88628"}],"curies":[{"name":"wp","href":"https:\/\/api.w.org\/{rel}","templated":true}]}}